[{"@context":"https:\/\/schema.org\/","@type":"Article","@id":"https:\/\/www.harera.cz\/snih-a-led-na-strese\/#Article","mainEntityOfPage":"https:\/\/www.harera.cz\/snih-a-led-na-strese\/","headline":"Sn\u00edh a led na st\u0159e\u0161e","name":"Sn\u00edh a led na st\u0159e\u0161e","description":"Vlastn\u00edte d\u016fm ve m\u011bst\u011b nebo t\u0159eba domek na vesnici? A v\u00edte, \u017ee za led a sn\u00edh, kter\u00fd spadne z Va\u0161\u00ed st\u0159echy, a tedy i za \u0161kody na majetku nebo na zdrav\u00ed, kter\u00e9 zp\u016fsob\u00ed, zodpov\u00edd\u00e1te Vy? Zejm\u00e9na po dlouh\u00fdch zim\u00e1ch, kdy bylo hodn\u011b sn\u011bhu, je dobr\u00e9 je\u0161t\u011b p\u0159ed oblevou myslet na odstran\u011bn\u00ed nebezpe\u010d\u00ed. Je mo\u017en\u00e9 zavolat... <div class=\"read-more navbutton\"><a href=\"https:\/\/www.harera.cz\/snih-a-led-na-strese\/\">\u010c\u00edst v\u00edce<i class=\"fa fa-angle-double-right\"><\/i><\/a><\/div>","datePublished":"2025-08-30","dateModified":"2025-08-30","author":{"@type":"Person","@id":"https:\/\/www.harera.cz\/author\/#Person","name":"","url":"https:\/\/www.harera.cz\/author\/","identifier":1,"image":{"@type":"ImageObject","@id":"https:\/\/secure.gravatar.com\/avatar\/383247cd769f7ac317a5bcda943ec48a3c79d996598ae4564ec21a0e178126d1?s=96&d=mm&r=g","url":"https:\/\/secure.gravatar.com\/avatar\/383247cd769f7ac317a5bcda943ec48a3c79d996598ae4564ec21a0e178126d1?s=96&d=mm&r=g","height":96,"width":96}},"publisher":{"@type":"Organization","name":"harera.cz","logo":{"@type":"ImageObject","@id":"\/logo.png","url":"\/logo.png","width":600,"height":60}},"url":"https:\/\/www.harera.cz\/snih-a-led-na-strese\/","wordCount":178,"articleBody":"Vlastn\u00edte d\u016fm ve m\u011bst\u011b nebo t\u0159eba domek na vesnici? A v\u00edte, \u017ee za led a sn\u00edh, kter\u00fd spadne z Va\u0161\u00ed st\u0159echy, a tedy i za \u0161kody na majetku nebo na zdrav\u00ed, kter\u00e9 zp\u016fsob\u00ed, zodpov\u00edd\u00e1te Vy? Zejm\u00e9na po dlouh\u00fdch zim\u00e1ch, kdy bylo hodn\u011b sn\u011bhu, je dobr\u00e9 je\u0161t\u011b p\u0159ed oblevou myslet na odstran\u011bn\u00ed nebezpe\u010d\u00ed. Je mo\u017en\u00e9 zavolat hasi\u010de, kdy\u017e to ov\u0161em vyhodnot\u00ed jako situaci, kter\u00e1 bezprost\u0159edn\u011b nikoho neohro\u017euje, zase odjedou a vy nav\u00edc zaplat\u00edte v\u00fdjezd. Levn\u011bj\u0161\u00ed variantou b\u00fdv\u00e1 pron\u00e1jemplo\u0161iny. Jednodu\u0161e a rychle Plo\u0161inu V\u00e1m p\u0159istav\u00ed k domu a vy m\u016f\u017eete jednodu\u0161e na chv\u00edli uzav\u0159\u00edt chodn\u00edk a sn\u00edh ze st\u0159echy sh\u00e1zet lopatou, p\u0159\u00edpadn\u011b rozb\u00edt led a bez ohro\u017een\u00ed zdrav\u00ed kolemjdouc\u00edch ho poslat dol\u016f. Ur\u010dit\u011b je lep\u0161\u00ed myslet na prevenci, ne\u017e pozd\u011bji \u0159e\u0161it \u0161kody na zaparkovan\u00fdch autech nebo nedej bo\u017ee na zdrav\u00ed.                                                                                                                                                                                                                                                                                                                                                                                                "},{"@context":"https:\/\/schema.org\/","@type":"BreadcrumbList","itemListElement":[{"@type":"ListItem","position":1,"name":"Sn\u00edh a led na st\u0159e\u0161e","item":"https:\/\/www.harera.cz\/snih-a-led-na-strese\/#breadcrumbitem"}]}]