[{"@context":"https:\/\/schema.org\/","@type":"Article","@id":"https:\/\/www.harera.cz\/nechte-se-hyckat-nasi-nabidkou\/#Article","mainEntityOfPage":"https:\/\/www.harera.cz\/nechte-se-hyckat-nasi-nabidkou\/","headline":"Nechte se h\u00fd\u010dkat na\u0161\u00ed nab\u00eddkou","name":"Nechte se h\u00fd\u010dkat na\u0161\u00ed nab\u00eddkou","description":"U\u017e se v\u00e1m stalo, \u017ee jste nena\u0161li dost m\u00edsta ve va\u0161em aut\u011b? Pr\u00e1v\u011b proto jsme zde my a nab\u00edz\u00edme p\u016fj\u010den\u00ed a\u017e \u0161esti voz\u016f za atraktivn\u00ed ceny. Poznejte pohodl\u00ed luxusn\u00edho Audi, \u010di obrovsk\u00fd prostor na\u0161eho kontejnerov\u00e9ho mercedesu. Autop\u016fj\u010dovna Fr\u00fddek M\u00edstek v\u00e1m bude v\u017edy po ruce u obchodn\u00edho domu OBI. Najdete n\u00e1s v pravidelnou denn\u00ed dobu po... <div class=\"read-more navbutton\"><a href=\"https:\/\/www.harera.cz\/nechte-se-hyckat-nasi-nabidkou\/\">\u010c\u00edst v\u00edce<i class=\"fa fa-angle-double-right\"><\/i><\/a><\/div>","datePublished":"2024-12-27","dateModified":"2024-12-27","author":{"@type":"Person","@id":"https:\/\/www.harera.cz\/author\/#Person","name":"","url":"https:\/\/www.harera.cz\/author\/","identifier":1,"image":{"@type":"ImageObject","@id":"https:\/\/secure.gravatar.com\/avatar\/383247cd769f7ac317a5bcda943ec48a3c79d996598ae4564ec21a0e178126d1?s=96&d=mm&r=g","url":"https:\/\/secure.gravatar.com\/avatar\/383247cd769f7ac317a5bcda943ec48a3c79d996598ae4564ec21a0e178126d1?s=96&d=mm&r=g","height":96,"width":96}},"publisher":{"@type":"Organization","name":"harera.cz","logo":{"@type":"ImageObject","@id":"\/logo.png","url":"\/logo.png","width":600,"height":60}},"url":"https:\/\/www.harera.cz\/nechte-se-hyckat-nasi-nabidkou\/","wordCount":176,"articleBody":"U\u017e se v\u00e1m stalo, \u017ee jste nena\u0161li dost m\u00edsta ve va\u0161em aut\u011b? Pr\u00e1v\u011b proto jsme zde my a nab\u00edz\u00edme p\u016fj\u010den\u00ed a\u017e \u0161esti voz\u016f za atraktivn\u00ed ceny. Poznejte pohodl\u00ed luxusn\u00edho Audi, \u010di obrovsk\u00fd prostor na\u0161eho kontejnerov\u00e9ho mercedesu. Autop\u016fj\u010dovna Fr\u00fddek M\u00edstek v\u00e1m bude v\u017edy po ruce u obchodn\u00edho domu OBI. Najdete n\u00e1s v pravidelnou denn\u00ed dobu po v\u0161ech 7 dn\u00ed v t\u00fddnu. U n\u00e1s omezen\u00ed neplat\u00ed A co kdy\u017e pot\u0159ebujete n\u011bkam osobn\u011b odv\u00e9st nebo p\u0159ev\u00e9st osobn\u00ed automobil? \u017d\u00e1dn\u00fd strach, autop\u016fj\u010dovnu Fr\u00fddek M\u00edstek nic nep\u0159ekvap\u00ed a je v\u00e1m v\u017edy k dispozici s unik\u00e1tn\u00edm \u0159e\u0161en\u00edm. S na\u0161imi vozy si u\u017eijete spoustu z\u00e1bavy a p\u0159itom v\u00e1m vykonaj\u00ed spoustu pr\u00e1ce. V\u00fdb\u011br je \u0161irok\u00fd a proto n\u00e1s nev\u00e1hejte kontaktovat. S na\u0161\u00ed autop\u016fj\u010dovnou se v\u00e1m bude l\u00e9pe \u0161et\u0159it \u010das.                                                                                                                                                                                                                                                                                                                                                                                        4\/5 - (2 votes)        "},{"@context":"https:\/\/schema.org\/","@type":"BreadcrumbList","itemListElement":[{"@type":"ListItem","position":1,"name":"Nechte se h\u00fd\u010dkat na\u0161\u00ed nab\u00eddkou","item":"https:\/\/www.harera.cz\/nechte-se-hyckat-nasi-nabidkou\/#breadcrumbitem"}]}]